{"id":1175,"date":"2023-04-14T16:00:00","date_gmt":"2023-04-14T16:00:00","guid":{"rendered":"https:\/\/pactoeducativoglobal.fundacion-sm.org\/nao-categorizado\/guia-oiec-en-12-idiomas\/"},"modified":"2023-12-01T11:55:24","modified_gmt":"2023-12-01T11:55:24","slug":"guia-oiec-em-12-idiomas","status":"publish","type":"post","link":"https:\/\/pactoeducativoglobal.fundacion-sm.org\/pt-br\/itinerario-materiais-peg\/guia-oiec-em-12-idiomas\/","title":{"rendered":"Guia OIEC em 12 idiomas"},"content":{"rendered":"\t\t<div data-elementor-type=\"wp-post\" data-elementor-id=\"1175\" class=\"elementor elementor-1175 elementor-245\" data-elementor-post-type=\"post\">\n\t\t\t\t\t\t<section class=\"elementor-section elementor-top-section elementor-element elementor-element-e99c506 elementor-section-full_width elementor-section-height-default elementor-section-height-default\" data-id=\"e99c506\" data-element_type=\"section\">\n\t\t\t\t\t\t<div class=\"elementor-container elementor-column-gap-default\">\n\t\t\t\t\t<div class=\"elementor-column elementor-col-100 elementor-top-column elementor-element elementor-element-25f96e0\" data-id=\"25f96e0\" data-element_type=\"column\">\n\t\t\t<div class=\"elementor-widget-wrap elementor-element-populated\">\n\t\t\t\t\t\t<div class=\"elementor-element elementor-element-df1dc86 elementor-widget elementor-widget-bloque-texto\" data-id=\"df1dc86\" data-element_type=\"widget\" data-widget_type=\"bloque-texto.default\">\n\t\t\t\t<div class=\"elementor-widget-container\">\n\t\t\t\t\t<!-- Texto -->\n<section class=\"bloque bloque-texto  \">\n    <div class=\"container\">\n        <div class=\"row justify-content-center\">\n            <div class=\"col-12 col-md-8\">\n                                <div class=\"the_content\" data-aos=\"fade-up\" data-aos-duration=\"700\">\n                    <p>O <a href=\"https:\/\/pactoeducativoglobal.fundacion-sm.org\/pt-br\/itinerario-materiais-peg\/guia-oiec\/\">guia da OIEC<\/a> para o <strong>Pacto Educativo Global<\/strong>\u00a0<em>(Global Education Compact)<\/em>, em colabora\u00e7\u00e3o com a <strong>Funda\u00e7\u00e3o SM<\/strong>, foi traduzido para v\u00e1rios idiomas.<\/p>\n<p>Aqui voc\u00ea pode acessar as tradu\u00e7\u00f5es clicando em cada idioma:<\/p>\n                <\/div>\n            <\/div>\n        <\/div>\n    <\/div>\n<\/section>\t\t\t\t<\/div>\n\t\t\t\t<\/div>\n\t\t\t\t<div class=\"elementor-element elementor-element-14a464d elementor-widget elementor-widget-portada-carrusel-logos\" data-id=\"14a464d\" data-element_type=\"widget\" data-widget_type=\"portada-carrusel-logos.default\">\n\t\t\t\t<div class=\"elementor-widget-container\">\n\t\t\t\t\t<!-- Bloque contenidos: Botones CTA + Enlaces -->\n<section class=\"bloque bloque-botonera-cta-enlace   \" data-aos=\"fade\" data-aos-delay=\"300\" data-aos-duration=\"1000\">\n    <div class=\"container\">\n        <div class=\"row justify-content-center\">\n            <div class=\"col-12 col-sm-12 col-lg-10\">\n                <div class=\"background\">\n                                                            <div class=\"row\">\n                                                                            <div class=\"col-12 col-sm-6 \" data-aos=\"fade\" data-aos-duration=\"700\">\n                                <a href=\"https:\/\/pactoeducativoglobal.fundacion-sm.org\/wp-content\/uploads\/sites\/11\/2023\/11\/guia_oiec_albanes.pdf\" class=\"enlace btn-arrow\" title=\"Alban\u00eas\" target=\"_blank\">Alban\u00eas <i aria-hidden=\"true\" class=\"far fa-arrow-alt-circle-right\"><\/i><\/a>\n                            <\/div>\n                                                        <div class=\"col-12 col-sm-6 \" data-aos=\"fade\" data-aos-duration=\"700\">\n                                <a href=\"https:\/\/pactoeducativoglobal.fundacion-sm.org\/wp-content\/uploads\/sites\/11\/2023\/11\/guia_oiec_aleman.pdf\" class=\"enlace btn-arrow\" title=\"Alem\u00e3o\" target=\"_blank\">Alem\u00e3o <i aria-hidden=\"true\" class=\"far fa-arrow-alt-circle-right\"><\/i><\/a>\n                            <\/div>\n                                                        <div class=\"col-12 col-sm-6 \" data-aos=\"fade\" data-aos-duration=\"700\">\n                                <a href=\"https:\/\/pactoeducativoglobal.fundacion-sm.org\/wp-content\/uploads\/sites\/11\/2023\/11\/guia_oiec_catalan.pdf\" class=\"enlace btn-arrow\" title=\"Catal\u00e3o\" target=\"_blank\">Catal\u00e3o <i aria-hidden=\"true\" class=\"far fa-arrow-alt-circle-right\"><\/i><\/a>\n                            <\/div>\n                                                        <div class=\"col-12 col-sm-6 \" data-aos=\"fade\" data-aos-duration=\"700\">\n                                <a href=\"https:\/\/pactoeducativoglobal.fundacion-sm.org\/wp-content\/uploads\/sites\/11\/2022\/04\/Guia-OIEC.pdf\" class=\"enlace btn-arrow\" title=\"Espanhol\" target=\"_blank\">Espanhol <i aria-hidden=\"true\" class=\"far fa-arrow-alt-circle-right\"><\/i><\/a>\n                            <\/div>\n                                                        <div class=\"col-12 col-sm-6 \" data-aos=\"fade\" data-aos-duration=\"700\">\n                                <a href=\"https:\/\/pactoeducativoglobal.fundacion-sm.org\/wp-content\/uploads\/sites\/11\/2023\/11\/guia_oiec_frances.pdf\" class=\"enlace btn-arrow\" title=\"Franc\u00eas\" target=\"_blank\">Franc\u00eas <i aria-hidden=\"true\" class=\"far fa-arrow-alt-circle-right\"><\/i><\/a>\n                            <\/div>\n                                                        <div class=\"col-12 col-sm-6 \" data-aos=\"fade\" data-aos-duration=\"700\">\n                                <a href=\"https:\/\/pactoeducativoglobal.fundacion-sm.org\/wp-content\/uploads\/sites\/11\/2023\/11\/guia_oiec_hungaro.pdf\" class=\"enlace btn-arrow\" title=\"H\u00fangaro\" target=\"_blank\">H\u00fangaro <i aria-hidden=\"true\" class=\"far fa-arrow-alt-circle-right\"><\/i><\/a>\n                            <\/div>\n                                                        <div class=\"col-12 col-sm-6 \" data-aos=\"fade\" data-aos-duration=\"700\">\n                                <a href=\"https:\/\/pactoeducativoglobal.fundacion-sm.org\/wp-content\/uploads\/sites\/11\/2023\/11\/guia_oiec_ingles.pdf\" class=\"enlace btn-arrow\" title=\"Ingl\u00eas\" target=\"_blank\">Ingl\u00eas <i aria-hidden=\"true\" class=\"far fa-arrow-alt-circle-right\"><\/i><\/a>\n                            <\/div>\n                                                        <div class=\"col-12 col-sm-6 \" data-aos=\"fade\" data-aos-duration=\"700\">\n                                <a href=\"https:\/\/pactoeducativoglobal.fundacion-sm.org\/wp-content\/uploads\/sites\/11\/2023\/11\/guia_oiec_italiano.pdf\" class=\"enlace btn-arrow\" title=\"Italiano\" target=\"_blank\">Italiano <i aria-hidden=\"true\" class=\"far fa-arrow-alt-circle-right\"><\/i><\/a>\n                            <\/div>\n                                                        <div class=\"col-12 col-sm-6 \" data-aos=\"fade\" data-aos-duration=\"700\">\n                                <a href=\"https:\/\/pactoeducativoglobal.fundacion-sm.org\/wp-content\/uploads\/sites\/11\/2023\/11\/guia_oiec_japones.pdf\" class=\"enlace btn-arrow\" title=\"Japon\u00eas\" target=\"_blank\">Japon\u00eas <i aria-hidden=\"true\" class=\"far fa-arrow-alt-circle-right\"><\/i><\/a>\n                            <\/div>\n                                                        <div class=\"col-12 col-sm-6 \" data-aos=\"fade\" data-aos-duration=\"700\">\n                                <a href=\"https:\/\/pactoeducativoglobal.fundacion-sm.org\/wp-content\/uploads\/sites\/11\/2023\/11\/guia_oiec_polaco.pdf\" class=\"enlace btn-arrow\" title=\"Polon\u00eas\" target=\"_blank\">Polon\u00eas <i aria-hidden=\"true\" class=\"far fa-arrow-alt-circle-right\"><\/i><\/a>\n                            <\/div>\n                                                        <div class=\"col-12 col-sm-6 \" data-aos=\"fade\" data-aos-duration=\"700\">\n                                <a href=\"https:\/\/pactoeducativoglobal.fundacion-sm.org\/wp-content\/uploads\/sites\/11\/2023\/11\/guia_oiec_rumano.pdf\" class=\"enlace btn-arrow\" title=\"Romeno\" target=\"_blank\">Romeno <i aria-hidden=\"true\" class=\"far fa-arrow-alt-circle-right\"><\/i><\/a>\n                            <\/div>\n                                                        <div class=\"col-12 col-sm-6 \" data-aos=\"fade\" data-aos-duration=\"700\">\n                                <a href=\"https:\/\/pactoeducativoglobal.fundacion-sm.org\/wp-content\/uploads\/sites\/11\/2023\/11\/guia_oiec_tagalo.pdf\" class=\"enlace btn-arrow\" title=\"Tagalo\" target=\"_blank\">Tagalo <i aria-hidden=\"true\" class=\"far fa-arrow-alt-circle-right\"><\/i><\/a>\n                            <\/div>\n                                                <\/div>\n                <\/div>\n            <\/div>\n        <\/div>\n    <\/div>\n<\/section>\t\t\t\t<\/div>\n\t\t\t\t<\/div>\n\t\t\t\t<div class=\"elementor-element elementor-element-14d9f9b elementor-widget elementor-widget-bloque-publicaciones\" data-id=\"14d9f9b\" data-element_type=\"widget\" data-widget_type=\"bloque-publicaciones.default\">\n\t\t\t\t<div class=\"elementor-widget-container\">\n\t\t\t\t\t<!-- Publicaciones -->\n<section class=\"bloque bloque-publicaciones-listado diseno-investigacion \">\n    <div class=\"container \">\n        <div class=\"row titulo-con-enlace\">\n            <div class=\"col-12\">\n                <h2 class=\"titulos\" data-aos=\"fade-left\" data-aos-duration=\"700\">Publica\u00e7\u00f5es relacionadas<\/h2>                <!---->\n            <\/div>\n        <\/div>\n        <div class=\"background \">\n            <div class=\"estrecho\">\n                <ul class=\"listado row\">\n                                                    <li class=\"col-12 col-sm-4 col-md-3\" data-aos=\"fade-up\" data-aos-delay=\"200\" data-aos-duration=\"700\">\n                            <a class=\"publicacion \" href=\"https:\/\/pactoeducativoglobal.fundacion-sm.org\/pt-br\/itinerario-materiais-peg\/guia-oiec\/\">\n    <div class=\"imagen\">\n        <span>\n        <img fetchpriority=\"high\" decoding=\"async\" width=\"580\" height=\"820\" src=\"https:\/\/pactoeducativoglobal.fundacion-sm.org\/wp-content\/uploads\/sites\/11\/2023\/09\/guia-oiec-pt-destacada.jpg\" class=\"img-fluid wp-post-image\" alt=\"\" srcset=\"https:\/\/pactoeducativoglobal.fundacion-sm.org\/wp-content\/uploads\/sites\/11\/2023\/09\/guia-oiec-pt-destacada.jpg 580w, https:\/\/pactoeducativoglobal.fundacion-sm.org\/wp-content\/uploads\/sites\/11\/2023\/09\/guia-oiec-pt-destacada-212x300.jpg 212w\" sizes=\"(max-width: 580px) 100vw, 580px\" \/>        <\/span>\n    <\/div>\n    <div class=\"datos\">\n        <h3 class=\"subtitulos\">Guia OIEC: Construir o Pacto Educativo Global<\/h3>\n        <div class=\"autor\">OIEC<\/div>    <\/div>\n<\/a>                            <\/li>\n                                                    <li class=\"col-12 col-sm-4 col-md-3\" data-aos=\"fade-up\" data-aos-delay=\"200\" data-aos-duration=\"700\">\n                            <a class=\"publicacion \" href=\"https:\/\/pactoeducativoglobal.fundacion-sm.org\/pt-br\/itinerario-materiais-peg\/gce-o-que-e-e-como-aderir\/\">\n    <div class=\"imagen\">\n        <span>\n        <img decoding=\"async\" width=\"580\" height=\"820\" src=\"https:\/\/pactoeducativoglobal.fundacion-sm.org\/wp-content\/uploads\/sites\/11\/2023\/03\/peg-o-que-e-e-como-aderir-destacada.jpg\" class=\"img-fluid wp-post-image\" alt=\"\" srcset=\"https:\/\/pactoeducativoglobal.fundacion-sm.org\/wp-content\/uploads\/sites\/11\/2023\/03\/peg-o-que-e-e-como-aderir-destacada.jpg 580w, https:\/\/pactoeducativoglobal.fundacion-sm.org\/wp-content\/uploads\/sites\/11\/2023\/03\/peg-o-que-e-e-como-aderir-destacada-212x300.jpg 212w\" sizes=\"(max-width: 580px) 100vw, 580px\" \/>        <\/span>\n    <\/div>\n    <div class=\"datos\">\n        <h3 class=\"subtitulos\">Documento de ades\u00e3o: &#8220;Global Education Compact. O que \u00e9 e como aderir&#8221;<\/h3>\n        <div class=\"autor\">Congrega\u00e7\u00e3o para a Educa\u00e7\u00e3o Cat\u00f3lica<\/div>    <\/div>\n<\/a>                            <\/li>\n                                                    <li class=\"col-12 col-sm-4 col-md-3\" data-aos=\"fade-up\" data-aos-delay=\"200\" data-aos-duration=\"700\">\n                            <a class=\"publicacion \" href=\"https:\/\/pactoeducativoglobal.fundacion-sm.org\/pt-br\/itinerario-materiais-peg\/instrumentum-laboris\/\">\n    <div class=\"imagen\">\n        <span>\n        <img decoding=\"async\" width=\"580\" height=\"820\" src=\"https:\/\/pactoeducativoglobal.fundacion-sm.org\/wp-content\/uploads\/sites\/11\/2023\/11\/congregatio-institutione-catholica-logo.png\" class=\"img-fluid wp-post-image\" alt=\"\" srcset=\"https:\/\/pactoeducativoglobal.fundacion-sm.org\/wp-content\/uploads\/sites\/11\/2023\/11\/congregatio-institutione-catholica-logo.png 580w, https:\/\/pactoeducativoglobal.fundacion-sm.org\/wp-content\/uploads\/sites\/11\/2023\/11\/congregatio-institutione-catholica-logo-212x300.png 212w\" sizes=\"(max-width: 580px) 100vw, 580px\" \/>        <\/span>\n    <\/div>\n    <div class=\"datos\">\n        <h3 class=\"subtitulos\">Pacto Educativo Global: Instrumentum Laboris<\/h3>\n        <div class=\"autor\">Congrega\u00e7\u00e3o para a Educa\u00e7\u00e3o Cat\u00f3lica<\/div>    <\/div>\n<\/a>                            <\/li>\n                                                    <li class=\"col-12 col-sm-4 col-md-3\" data-aos=\"fade-up\" data-aos-delay=\"200\" data-aos-duration=\"700\">\n                            <a class=\"publicacion \" href=\"https:\/\/pactoeducativoglobal.fundacion-sm.org\/pt-br\/itinerario-materiais-peg\/vade-mecum\/\">\n    <div class=\"imagen\">\n        <span>\n        <img loading=\"lazy\" decoding=\"async\" width=\"580\" height=\"820\" src=\"https:\/\/pactoeducativoglobal.fundacion-sm.org\/wp-content\/uploads\/sites\/11\/2023\/09\/vademecum-pt-destacada.jpg\" class=\"img-fluid wp-post-image\" alt=\"\" srcset=\"https:\/\/pactoeducativoglobal.fundacion-sm.org\/wp-content\/uploads\/sites\/11\/2023\/09\/vademecum-pt-destacada.jpg 580w, https:\/\/pactoeducativoglobal.fundacion-sm.org\/wp-content\/uploads\/sites\/11\/2023\/09\/vademecum-pt-destacada-212x300.jpg 212w\" sizes=\"(max-width: 580px) 100vw, 580px\" \/>        <\/span>\n    <\/div>\n    <div class=\"datos\">\n        <h3 class=\"subtitulos\">Vade-m\u00e9cum Pacto Educativo Global<\/h3>\n        <div class=\"autor\">Congrega\u00e7\u00e3o para a Educa\u00e7\u00e3o Cat\u00f3lica<\/div>    <\/div>\n<\/a>                            <\/li>\n                                        <\/ul>\n            <\/div>\n        <\/div>\n    <\/div>\n<\/section>\t\t\t\t<\/div>\n\t\t\t\t<\/div>\n\t\t\t\t\t<\/div>\n\t\t<\/div>\n\t\t\t\t\t<\/div>\n\t\t<\/section>\n\t\t\t\t<\/div>\n\t\t","protected":false},"excerpt":{"rendered":"<p>O guia da OIEC para o Pacto Educativo Global\u00a0(Global Education Compact), em colabora\u00e7\u00e3o com a Funda\u00e7\u00e3o SM, foi traduzido para v\u00e1rios idiomas. Aqui voc\u00ea pode acessar as tradu\u00e7\u00f5es clicando em cada idioma: Alban\u00eas Alem\u00e3o Catal\u00e3o Espanhol Franc\u00eas H\u00fangaro Ingl\u00eas Italiano Japon\u00eas Polon\u00eas Romeno Tagalo Publicaciones relacionadas Guia OIEC: Construir o Pacto Educativo Global OIEC Documento [&hellip;]<\/p>\n","protected":false},"author":2,"featured_media":550,"comment_status":"closed","ping_status":"closed","sticky":false,"template":"","format":"standard","meta":{"_acf_changed":false,"footnotes":""},"categories":[15],"tags":[],"class_list":["post-1175","post","type-post","status-publish","format-standard","has-post-thumbnail","hentry","category-itinerario-materiais-peg"],"acf":[],"yoast_head":"<!-- This site is optimized with the Yoast SEO plugin v26.7 - https:\/\/yoast.com\/wordpress\/plugins\/seo\/ -->\n<title>Guia OIEC em 12 idiomas - Pacto Educativo Global<\/title>\n<meta name=\"description\" content=\"O guia da OIEC para o Pacto Educacional Global, em colabora\u00e7\u00e3o com a Funda\u00e7\u00e3o SM, foi traduzido para v\u00e1rios idiomas. Aqui voc\u00ea pode baixar o guia da OIEC sobre o Global Education Compact (Pacto Educativo Global) em outros 12 idiomas.\" \/>\n<meta name=\"robots\" content=\"index, follow, max-snippet:-1, max-image-preview:large, max-video-preview:-1\" \/>\n<link rel=\"canonical\" href=\"https:\/\/pactoeducativoglobal.fundacion-sm.org\/pt-br\/itinerario-materiais-peg\/guia-oiec-em-12-idiomas\/\" \/>\n<meta property=\"og:locale\" content=\"pt_BR\" \/>\n<meta property=\"og:type\" content=\"article\" \/>\n<meta property=\"og:title\" content=\"Guia OIEC em 12 idiomas - Pacto Educativo Global\" \/>\n<meta property=\"og:description\" content=\"O guia da OIEC para o Pacto Educacional Global, em colabora\u00e7\u00e3o com a Funda\u00e7\u00e3o SM, foi traduzido para v\u00e1rios idiomas. Aqui voc\u00ea pode baixar o guia da OIEC sobre o Global Education Compact (Pacto Educativo Global) em outros 12 idiomas.\" \/>\n<meta property=\"og:url\" content=\"https:\/\/pactoeducativoglobal.fundacion-sm.org\/pt-br\/itinerario-materiais-peg\/guia-oiec-em-12-idiomas\/\" \/>\n<meta property=\"og:site_name\" content=\"Pacto Educativo Global\" \/>\n<meta property=\"article:published_time\" content=\"2023-04-14T16:00:00+00:00\" \/>\n<meta property=\"article:modified_time\" content=\"2023-12-01T11:55:24+00:00\" \/>\n<meta property=\"og:image\" content=\"https:\/\/pactoeducativoglobal.fundacion-sm.org\/wp-content\/uploads\/sites\/11\/2023\/11\/guia-oiec-12-idiomas.jpg\" \/>\n\t<meta property=\"og:image:width\" content=\"290\" \/>\n\t<meta property=\"og:image:height\" content=\"410\" \/>\n\t<meta property=\"og:image:type\" content=\"image\/jpeg\" \/>\n<meta name=\"author\" content=\"Antonio Rockin&#039;Pixels\" \/>\n<meta name=\"twitter:card\" content=\"summary_large_image\" \/>\n<script type=\"application\/ld+json\" class=\"yoast-schema-graph\">{\"@context\":\"https:\/\/schema.org\",\"@graph\":[{\"@type\":\"Article\",\"@id\":\"https:\/\/pactoeducativoglobal.fundacion-sm.org\/pt-br\/itinerario-materiais-peg\/guia-oiec-em-12-idiomas\/#article\",\"isPartOf\":{\"@id\":\"https:\/\/pactoeducativoglobal.fundacion-sm.org\/pt-br\/itinerario-materiais-peg\/guia-oiec-em-12-idiomas\/\"},\"author\":{\"name\":\"Antonio Rockin'Pixels\",\"@id\":\"https:\/\/pactoeducativoglobal.fundacion-sm.org\/pt-br\/#\/schema\/person\/853f955beb537b852c3687d514f42948\"},\"headline\":\"Guia OIEC em 12 idiomas\",\"datePublished\":\"2023-04-14T16:00:00+00:00\",\"dateModified\":\"2023-12-01T11:55:24+00:00\",\"mainEntityOfPage\":{\"@id\":\"https:\/\/pactoeducativoglobal.fundacion-sm.org\/pt-br\/itinerario-materiais-peg\/guia-oiec-em-12-idiomas\/\"},\"wordCount\":117,\"publisher\":{\"@id\":\"https:\/\/pactoeducativoglobal.fundacion-sm.org\/pt-br\/#organization\"},\"image\":{\"@id\":\"https:\/\/pactoeducativoglobal.fundacion-sm.org\/pt-br\/itinerario-materiais-peg\/guia-oiec-em-12-idiomas\/#primaryimage\"},\"thumbnailUrl\":\"https:\/\/pactoeducativoglobal.fundacion-sm.org\/wp-content\/uploads\/sites\/11\/2023\/11\/guia-oiec-12-idiomas.jpg\",\"articleSection\":[\"Itiner\u00e1rio e materiais\"],\"inLanguage\":\"pt-BR\"},{\"@type\":\"WebPage\",\"@id\":\"https:\/\/pactoeducativoglobal.fundacion-sm.org\/pt-br\/itinerario-materiais-peg\/guia-oiec-em-12-idiomas\/\",\"url\":\"https:\/\/pactoeducativoglobal.fundacion-sm.org\/pt-br\/itinerario-materiais-peg\/guia-oiec-em-12-idiomas\/\",\"name\":\"Guia OIEC em 12 idiomas - Pacto Educativo Global\",\"isPartOf\":{\"@id\":\"https:\/\/pactoeducativoglobal.fundacion-sm.org\/pt-br\/#website\"},\"primaryImageOfPage\":{\"@id\":\"https:\/\/pactoeducativoglobal.fundacion-sm.org\/pt-br\/itinerario-materiais-peg\/guia-oiec-em-12-idiomas\/#primaryimage\"},\"image\":{\"@id\":\"https:\/\/pactoeducativoglobal.fundacion-sm.org\/pt-br\/itinerario-materiais-peg\/guia-oiec-em-12-idiomas\/#primaryimage\"},\"thumbnailUrl\":\"https:\/\/pactoeducativoglobal.fundacion-sm.org\/wp-content\/uploads\/sites\/11\/2023\/11\/guia-oiec-12-idiomas.jpg\",\"datePublished\":\"2023-04-14T16:00:00+00:00\",\"dateModified\":\"2023-12-01T11:55:24+00:00\",\"description\":\"O guia da OIEC para o Pacto Educacional Global, em colabora\u00e7\u00e3o com a Funda\u00e7\u00e3o SM, foi traduzido para v\u00e1rios idiomas. Aqui voc\u00ea pode baixar o guia da OIEC sobre o Global Education Compact (Pacto Educativo Global) em outros 12 idiomas.\",\"breadcrumb\":{\"@id\":\"https:\/\/pactoeducativoglobal.fundacion-sm.org\/pt-br\/itinerario-materiais-peg\/guia-oiec-em-12-idiomas\/#breadcrumb\"},\"inLanguage\":\"pt-BR\",\"potentialAction\":[{\"@type\":\"ReadAction\",\"target\":[\"https:\/\/pactoeducativoglobal.fundacion-sm.org\/pt-br\/itinerario-materiais-peg\/guia-oiec-em-12-idiomas\/\"]}]},{\"@type\":\"ImageObject\",\"inLanguage\":\"pt-BR\",\"@id\":\"https:\/\/pactoeducativoglobal.fundacion-sm.org\/pt-br\/itinerario-materiais-peg\/guia-oiec-em-12-idiomas\/#primaryimage\",\"url\":\"https:\/\/pactoeducativoglobal.fundacion-sm.org\/wp-content\/uploads\/sites\/11\/2023\/11\/guia-oiec-12-idiomas.jpg\",\"contentUrl\":\"https:\/\/pactoeducativoglobal.fundacion-sm.org\/wp-content\/uploads\/sites\/11\/2023\/11\/guia-oiec-12-idiomas.jpg\",\"width\":290,\"height\":410},{\"@type\":\"BreadcrumbList\",\"@id\":\"https:\/\/pactoeducativoglobal.fundacion-sm.org\/pt-br\/itinerario-materiais-peg\/guia-oiec-em-12-idiomas\/#breadcrumb\",\"itemListElement\":[{\"@type\":\"ListItem\",\"position\":1,\"name\":\"Inicio\",\"item\":\"https:\/\/pactoeducativoglobal.fundacion-sm.org\/pt-br\/\"},{\"@type\":\"ListItem\",\"position\":2,\"name\":\"Itiner\u00e1rio e materiais\",\"item\":\"https:\/\/pactoeducativoglobal.fundacion-sm.org\/pt-br\/itinerario-materiais-peg\/\"},{\"@type\":\"ListItem\",\"position\":3,\"name\":\"Guia OIEC em 12 idiomas\"}]},{\"@type\":\"WebSite\",\"@id\":\"https:\/\/pactoeducativoglobal.fundacion-sm.org\/pt-br\/#website\",\"url\":\"https:\/\/pactoeducativoglobal.fundacion-sm.org\/pt-br\/\",\"name\":\"Pacto Educativo Global\",\"description\":\"\",\"publisher\":{\"@id\":\"https:\/\/pactoeducativoglobal.fundacion-sm.org\/pt-br\/#organization\"},\"potentialAction\":[{\"@type\":\"SearchAction\",\"target\":{\"@type\":\"EntryPoint\",\"urlTemplate\":\"https:\/\/pactoeducativoglobal.fundacion-sm.org\/pt-br\/?s={search_term_string}\"},\"query-input\":{\"@type\":\"PropertyValueSpecification\",\"valueRequired\":true,\"valueName\":\"search_term_string\"}}],\"inLanguage\":\"pt-BR\"},{\"@type\":\"Organization\",\"@id\":\"https:\/\/pactoeducativoglobal.fundacion-sm.org\/pt-br\/#organization\",\"name\":\"Pacto Educativo Global\",\"url\":\"https:\/\/pactoeducativoglobal.fundacion-sm.org\/pt-br\/\",\"logo\":{\"@type\":\"ImageObject\",\"inLanguage\":\"pt-BR\",\"@id\":\"https:\/\/pactoeducativoglobal.fundacion-sm.org\/pt-br\/#\/schema\/logo\/image\/\",\"url\":\"https:\/\/pactoeducativoglobal.fundacion-sm.org\/wp-content\/uploads\/sites\/11\/2023\/11\/logotipo.svg\",\"contentUrl\":\"https:\/\/pactoeducativoglobal.fundacion-sm.org\/wp-content\/uploads\/sites\/11\/2023\/11\/logotipo.svg\",\"caption\":\"Pacto Educativo Global\"},\"image\":{\"@id\":\"https:\/\/pactoeducativoglobal.fundacion-sm.org\/pt-br\/#\/schema\/logo\/image\/\"}},{\"@type\":\"Person\",\"@id\":\"https:\/\/pactoeducativoglobal.fundacion-sm.org\/pt-br\/#\/schema\/person\/853f955beb537b852c3687d514f42948\",\"name\":\"Antonio Rockin'Pixels\",\"image\":{\"@type\":\"ImageObject\",\"inLanguage\":\"pt-BR\",\"@id\":\"https:\/\/pactoeducativoglobal.fundacion-sm.org\/pt-br\/#\/schema\/person\/image\/\",\"url\":\"https:\/\/secure.gravatar.com\/avatar\/3ae12d57f757a09cc8b6e00bf2d61759f71ee5f8b029693cc15ef9fdaa737e0a?s=96&d=mm&r=g\",\"contentUrl\":\"https:\/\/secure.gravatar.com\/avatar\/3ae12d57f757a09cc8b6e00bf2d61759f71ee5f8b029693cc15ef9fdaa737e0a?s=96&d=mm&r=g\",\"caption\":\"Antonio Rockin'Pixels\"}}]}<\/script>\n<!-- \/ Yoast SEO plugin. -->","yoast_head_json":{"title":"Guia OIEC em 12 idiomas - Pacto Educativo Global","description":"O guia da OIEC para o Pacto Educacional Global, em colabora\u00e7\u00e3o com a Funda\u00e7\u00e3o SM, foi traduzido para v\u00e1rios idiomas. Aqui voc\u00ea pode baixar o guia da OIEC sobre o Global Education Compact (Pacto Educativo Global) em outros 12 idiomas.","robots":{"index":"index","follow":"follow","max-snippet":"max-snippet:-1","max-image-preview":"max-image-preview:large","max-video-preview":"max-video-preview:-1"},"canonical":"https:\/\/pactoeducativoglobal.fundacion-sm.org\/pt-br\/itinerario-materiais-peg\/guia-oiec-em-12-idiomas\/","og_locale":"pt_BR","og_type":"article","og_title":"Guia OIEC em 12 idiomas - Pacto Educativo Global","og_description":"O guia da OIEC para o Pacto Educacional Global, em colabora\u00e7\u00e3o com a Funda\u00e7\u00e3o SM, foi traduzido para v\u00e1rios idiomas. Aqui voc\u00ea pode baixar o guia da OIEC sobre o Global Education Compact (Pacto Educativo Global) em outros 12 idiomas.","og_url":"https:\/\/pactoeducativoglobal.fundacion-sm.org\/pt-br\/itinerario-materiais-peg\/guia-oiec-em-12-idiomas\/","og_site_name":"Pacto Educativo Global","article_published_time":"2023-04-14T16:00:00+00:00","article_modified_time":"2023-12-01T11:55:24+00:00","og_image":[{"width":290,"height":410,"url":"https:\/\/pactoeducativoglobal.fundacion-sm.org\/wp-content\/uploads\/sites\/11\/2023\/11\/guia-oiec-12-idiomas.jpg","type":"image\/jpeg"}],"author":"Antonio Rockin'Pixels","twitter_card":"summary_large_image","schema":{"@context":"https:\/\/schema.org","@graph":[{"@type":"Article","@id":"https:\/\/pactoeducativoglobal.fundacion-sm.org\/pt-br\/itinerario-materiais-peg\/guia-oiec-em-12-idiomas\/#article","isPartOf":{"@id":"https:\/\/pactoeducativoglobal.fundacion-sm.org\/pt-br\/itinerario-materiais-peg\/guia-oiec-em-12-idiomas\/"},"author":{"name":"Antonio Rockin'Pixels","@id":"https:\/\/pactoeducativoglobal.fundacion-sm.org\/pt-br\/#\/schema\/person\/853f955beb537b852c3687d514f42948"},"headline":"Guia OIEC em 12 idiomas","datePublished":"2023-04-14T16:00:00+00:00","dateModified":"2023-12-01T11:55:24+00:00","mainEntityOfPage":{"@id":"https:\/\/pactoeducativoglobal.fundacion-sm.org\/pt-br\/itinerario-materiais-peg\/guia-oiec-em-12-idiomas\/"},"wordCount":117,"publisher":{"@id":"https:\/\/pactoeducativoglobal.fundacion-sm.org\/pt-br\/#organization"},"image":{"@id":"https:\/\/pactoeducativoglobal.fundacion-sm.org\/pt-br\/itinerario-materiais-peg\/guia-oiec-em-12-idiomas\/#primaryimage"},"thumbnailUrl":"https:\/\/pactoeducativoglobal.fundacion-sm.org\/wp-content\/uploads\/sites\/11\/2023\/11\/guia-oiec-12-idiomas.jpg","articleSection":["Itiner\u00e1rio e materiais"],"inLanguage":"pt-BR"},{"@type":"WebPage","@id":"https:\/\/pactoeducativoglobal.fundacion-sm.org\/pt-br\/itinerario-materiais-peg\/guia-oiec-em-12-idiomas\/","url":"https:\/\/pactoeducativoglobal.fundacion-sm.org\/pt-br\/itinerario-materiais-peg\/guia-oiec-em-12-idiomas\/","name":"Guia OIEC em 12 idiomas - Pacto Educativo Global","isPartOf":{"@id":"https:\/\/pactoeducativoglobal.fundacion-sm.org\/pt-br\/#website"},"primaryImageOfPage":{"@id":"https:\/\/pactoeducativoglobal.fundacion-sm.org\/pt-br\/itinerario-materiais-peg\/guia-oiec-em-12-idiomas\/#primaryimage"},"image":{"@id":"https:\/\/pactoeducativoglobal.fundacion-sm.org\/pt-br\/itinerario-materiais-peg\/guia-oiec-em-12-idiomas\/#primaryimage"},"thumbnailUrl":"https:\/\/pactoeducativoglobal.fundacion-sm.org\/wp-content\/uploads\/sites\/11\/2023\/11\/guia-oiec-12-idiomas.jpg","datePublished":"2023-04-14T16:00:00+00:00","dateModified":"2023-12-01T11:55:24+00:00","description":"O guia da OIEC para o Pacto Educacional Global, em colabora\u00e7\u00e3o com a Funda\u00e7\u00e3o SM, foi traduzido para v\u00e1rios idiomas. Aqui voc\u00ea pode baixar o guia da OIEC sobre o Global Education Compact (Pacto Educativo Global) em outros 12 idiomas.","breadcrumb":{"@id":"https:\/\/pactoeducativoglobal.fundacion-sm.org\/pt-br\/itinerario-materiais-peg\/guia-oiec-em-12-idiomas\/#breadcrumb"},"inLanguage":"pt-BR","potentialAction":[{"@type":"ReadAction","target":["https:\/\/pactoeducativoglobal.fundacion-sm.org\/pt-br\/itinerario-materiais-peg\/guia-oiec-em-12-idiomas\/"]}]},{"@type":"ImageObject","inLanguage":"pt-BR","@id":"https:\/\/pactoeducativoglobal.fundacion-sm.org\/pt-br\/itinerario-materiais-peg\/guia-oiec-em-12-idiomas\/#primaryimage","url":"https:\/\/pactoeducativoglobal.fundacion-sm.org\/wp-content\/uploads\/sites\/11\/2023\/11\/guia-oiec-12-idiomas.jpg","contentUrl":"https:\/\/pactoeducativoglobal.fundacion-sm.org\/wp-content\/uploads\/sites\/11\/2023\/11\/guia-oiec-12-idiomas.jpg","width":290,"height":410},{"@type":"BreadcrumbList","@id":"https:\/\/pactoeducativoglobal.fundacion-sm.org\/pt-br\/itinerario-materiais-peg\/guia-oiec-em-12-idiomas\/#breadcrumb","itemListElement":[{"@type":"ListItem","position":1,"name":"Inicio","item":"https:\/\/pactoeducativoglobal.fundacion-sm.org\/pt-br\/"},{"@type":"ListItem","position":2,"name":"Itiner\u00e1rio e materiais","item":"https:\/\/pactoeducativoglobal.fundacion-sm.org\/pt-br\/itinerario-materiais-peg\/"},{"@type":"ListItem","position":3,"name":"Guia OIEC em 12 idiomas"}]},{"@type":"WebSite","@id":"https:\/\/pactoeducativoglobal.fundacion-sm.org\/pt-br\/#website","url":"https:\/\/pactoeducativoglobal.fundacion-sm.org\/pt-br\/","name":"Pacto Educativo Global","description":"","publisher":{"@id":"https:\/\/pactoeducativoglobal.fundacion-sm.org\/pt-br\/#organization"},"potentialAction":[{"@type":"SearchAction","target":{"@type":"EntryPoint","urlTemplate":"https:\/\/pactoeducativoglobal.fundacion-sm.org\/pt-br\/?s={search_term_string}"},"query-input":{"@type":"PropertyValueSpecification","valueRequired":true,"valueName":"search_term_string"}}],"inLanguage":"pt-BR"},{"@type":"Organization","@id":"https:\/\/pactoeducativoglobal.fundacion-sm.org\/pt-br\/#organization","name":"Pacto Educativo Global","url":"https:\/\/pactoeducativoglobal.fundacion-sm.org\/pt-br\/","logo":{"@type":"ImageObject","inLanguage":"pt-BR","@id":"https:\/\/pactoeducativoglobal.fundacion-sm.org\/pt-br\/#\/schema\/logo\/image\/","url":"https:\/\/pactoeducativoglobal.fundacion-sm.org\/wp-content\/uploads\/sites\/11\/2023\/11\/logotipo.svg","contentUrl":"https:\/\/pactoeducativoglobal.fundacion-sm.org\/wp-content\/uploads\/sites\/11\/2023\/11\/logotipo.svg","caption":"Pacto Educativo Global"},"image":{"@id":"https:\/\/pactoeducativoglobal.fundacion-sm.org\/pt-br\/#\/schema\/logo\/image\/"}},{"@type":"Person","@id":"https:\/\/pactoeducativoglobal.fundacion-sm.org\/pt-br\/#\/schema\/person\/853f955beb537b852c3687d514f42948","name":"Antonio Rockin'Pixels","image":{"@type":"ImageObject","inLanguage":"pt-BR","@id":"https:\/\/pactoeducativoglobal.fundacion-sm.org\/pt-br\/#\/schema\/person\/image\/","url":"https:\/\/secure.gravatar.com\/avatar\/3ae12d57f757a09cc8b6e00bf2d61759f71ee5f8b029693cc15ef9fdaa737e0a?s=96&d=mm&r=g","contentUrl":"https:\/\/secure.gravatar.com\/avatar\/3ae12d57f757a09cc8b6e00bf2d61759f71ee5f8b029693cc15ef9fdaa737e0a?s=96&d=mm&r=g","caption":"Antonio Rockin'Pixels"}}]}},"_links":{"self":[{"href":"https:\/\/pactoeducativoglobal.fundacion-sm.org\/pt-br\/wp-json\/wp\/v2\/posts\/1175","targetHints":{"allow":["GET"]}}],"collection":[{"href":"https:\/\/pactoeducativoglobal.fundacion-sm.org\/pt-br\/wp-json\/wp\/v2\/posts"}],"about":[{"href":"https:\/\/pactoeducativoglobal.fundacion-sm.org\/pt-br\/wp-json\/wp\/v2\/types\/post"}],"author":[{"embeddable":true,"href":"https:\/\/pactoeducativoglobal.fundacion-sm.org\/pt-br\/wp-json\/wp\/v2\/users\/2"}],"replies":[{"embeddable":true,"href":"https:\/\/pactoeducativoglobal.fundacion-sm.org\/pt-br\/wp-json\/wp\/v2\/comments?post=1175"}],"version-history":[{"count":14,"href":"https:\/\/pactoeducativoglobal.fundacion-sm.org\/pt-br\/wp-json\/wp\/v2\/posts\/1175\/revisions"}],"predecessor-version":[{"id":1310,"href":"https:\/\/pactoeducativoglobal.fundacion-sm.org\/pt-br\/wp-json\/wp\/v2\/posts\/1175\/revisions\/1310"}],"wp:featuredmedia":[{"embeddable":true,"href":"https:\/\/pactoeducativoglobal.fundacion-sm.org\/pt-br\/wp-json\/wp\/v2\/media\/550"}],"wp:attachment":[{"href":"https:\/\/pactoeducativoglobal.fundacion-sm.org\/pt-br\/wp-json\/wp\/v2\/media?parent=1175"}],"wp:term":[{"taxonomy":"category","embeddable":true,"href":"https:\/\/pactoeducativoglobal.fundacion-sm.org\/pt-br\/wp-json\/wp\/v2\/categories?post=1175"},{"taxonomy":"post_tag","embeddable":true,"href":"https:\/\/pactoeducativoglobal.fundacion-sm.org\/pt-br\/wp-json\/wp\/v2\/tags?post=1175"}],"curies":[{"name":"wp","href":"https:\/\/api.w.org\/{rel}","templated":true}]}}